{"id":13274,"date":"2025-07-25T04:45:50","date_gmt":"2025-07-25T03:45:50","guid":{"rendered":"https:\/\/www.thervacb.eu\/?p=13274"},"modified":"2025-07-25T08:13:26","modified_gmt":"2025-07-25T07:13:26","slug":"thervacb-d-solve-unterstutzen-den-welt-hepatitis-tag-2025","status":"publish","type":"post","link":"https:\/\/www.thervacb.eu\/de\/thervacb-d-solve-unterstutzen-den-welt-hepatitis-tag-2025\/","title":{"rendered":"TherVacB &#038; D-Solve unterst\u00fctzen den Welt-Hepatitis-Tag 2025 mit ihrer Kampagne \u201eAufkl\u00e4rung \u00fcber HDV und HBV\u201c"},"content":{"rendered":"<p>[et_pb_section fb_built=&#8220;1&#8243; _builder_version=&#8220;4.25.0&#8243; _module_preset=&#8220;default&#8220; da_disable_devices=&#8220;off|off|off&#8220; global_colors_info=&#8220;{}&#8220; da_is_popup=&#8220;off&#8220; da_exit_intent=&#8220;off&#8220; da_has_close=&#8220;on&#8220; da_alt_close=&#8220;off&#8220; da_dark_close=&#8220;off&#8220; da_not_modal=&#8220;on&#8220; da_is_singular=&#8220;off&#8220; da_with_loader=&#8220;off&#8220; da_has_shadow=&#8220;on&#8220;][et_pb_row _builder_version=&#8220;4.25.0&#8243; _module_preset=&#8220;default&#8220; global_colors_info=&#8220;{}&#8220;][et_pb_column type=&#8220;4_4&#8243; _builder_version=&#8220;4.25.0&#8243; _module_preset=&#8220;default&#8220; global_colors_info=&#8220;{}&#8220;][et_pb_text _builder_version=&#8220;4.25.0&#8243; _module_preset=&#8220;default&#8220; global_colors_info=&#8220;{}&#8220;]<\/p>\n<h2>Gut informiert, besser gesch\u00fctzt mit unserer Kampagne \u201eAufkl\u00e4rung \u00fcber HDV und HBV\u201c &#8211; alles, was Sie \u00fcber Hepatitis D und B wissen sollten<\/h2>\n<p>Anl\u00e4sslich des <strong>Welt-Hepatitis-Tags 2025 (28. Juli)<\/strong> ver\u00f6ffentlichen die beiden EU-gef\u00f6rderten Projekte <strong>TherVacB<\/strong> und <strong>D-Solve<\/strong> das f\u00fcnfte Video ihrer gemeinsamen <strong>Aufkl\u00e4rungskampagne.<\/strong> Diese r\u00fcckt zwei oft missverstandene Viren in den Fokus: <strong>Hepatitis B (HBV)<\/strong> und <strong>Hepatitis D (HDV)<\/strong>.<\/p>\n<p>Unter dem Motto der diesj\u00e4hrigen WHO-Kampagne <strong>\u201eLass uns Klartext reden\u201c<\/strong> vermittelt die Videoreihe in leicht verst\u00e4ndlicher Sprache, wie HBV und HDV zusammenwirken. Sie zeigt auch, warum eine Doppelinfektion schwerwiegender ist \u2013 und wie die Forschung auf neue Therapien und einer funktionellen Heilung arbeitet.<\/p>\n<p>HBV und HDV sind eng miteinander verbunden \u2013 <strong>eine Hepatitis-D-Infektion kann nur bei Personen auftreten, die bereits mit Hepatitis B infiziert sind<\/strong>. Viele Menschen mit HBV wissen jedoch nicht, dass sie auch ein Risiko f\u00fcr eine zus\u00e4tzliche HDV-Infektion tragen. Eine solche Doppelinfektion kann zu schnellerem Leberschaden und schwereren Krankheitsverl\u00e4ufen f\u00fchren. <strong>Mehr Bewusstsein f\u00fcr die Doppelinfektion ist entscheidend.<\/strong> Es hilft, fr\u00fchzeitige Tests und Diagnosen zu f\u00f6rdern und die Versorgung zu verbessern. Zudem tr\u00e4gt es dazu bei, dass sowohl Betroffene als auch Fachpersonal die Bedeutung einer <strong>kombinierten Behandlung <\/strong>erkennen.<\/p>\n<p>Die Videoreihe <strong>\u201eAufkl\u00e4rung \u00fcber HDV und HBV\u201c<\/strong> <strong>beantwortet zentrale Fragen zu Diagnose, Co-Infektion, Therapiebedarf und Forschung.<\/strong> Entwickelt wurde sie von Wissenschaftler*innen und \u00c4rzt*innen, unter Ber\u00fccksichtigung der wichtigsten Anliegen aus der Patienten-Community. <strong>Komplexe Inhalte werden verst\u00e4ndlich erkl\u00e4rt \u2013 mit dem Ziel, fr\u00fchzeitig aufzukl\u00e4ren.<\/strong> Zudem informiert sie \u00fcber neue Heilungsans\u00e4tze bei HBV und bestehende Versorgungsl\u00fccken bei HDV.<\/p>\n<p>Die Kampagne wurde gemeinsam von <strong>TherVacB<\/strong>, <a href=\"https:\/\/www.d-solve-consortium.eu\/\" target=\"_blank\" rel=\"noopener\" title=\"D-SOLVE\"><strong>D-SOLVE<\/strong><\/a>, der <a href=\"https:\/\/www.deutsche-leberstiftung.de\/\" target=\"_blank\" rel=\"noopener\" title=\"Deutschen Leberstiftung\"><strong>Deutschen Leberstiftung<\/strong><\/a>, <a href=\"https:\/\/ice-hbv.org\/\" target=\"_blank\" rel=\"noopener\" title=\"ICE-HBV\"><strong>ICE-HBV<\/strong><\/a>, der <strong>Stephan Urban Stiftung<\/strong> und dem <a href=\"https:\/\/www.dzif.de\/de\/hepatitis\" target=\"_blank\" rel=\"noopener\" title=\"Deutschen Zentrum f\u00fcr Infektionsforschung (DZIF)\"><strong>Deutschen Zentrum f\u00fcr Infektionsforschung (DZIF)<\/strong><\/a> entwickelt.<\/p>\n<h2><strong>Stimmen aus Wissenschaft und Medizin &#8211; Expert*innen der Kampagne im \u00dcberblick<\/strong><\/h2>\n<p>Jedes Video greift aktuelle Fragestellungen auf und verbindet neueste Forschung, klinische Expertise und pers\u00f6nliche Erfahrungen im Austausch mit Patient*innen \u2013 f\u00fcr ein besseres Verst\u00e4ndnis von Hepatitis B und D, ihren Risiken und den Entwicklungen in der Behandlung.<\/p>\n<p>[\/et_pb_text][\/et_pb_column][\/et_pb_row][et_pb_row column_structure=&#8220;3_5,2_5&#8243; _builder_version=&#8220;4.25.0&#8243; _module_preset=&#8220;default&#8220; global_colors_info=&#8220;{}&#8220;][et_pb_column type=&#8220;3_5&#8243; _builder_version=&#8220;4.25.0&#8243; _module_preset=&#8220;default&#8220; global_colors_info=&#8220;{}&#8220;][et_pb_text _builder_version=&#8220;4.25.0&#8243; _module_preset=&#8220;default&#8220; global_colors_info=&#8220;{}&#8220;]<\/p>\n<h3><strong>Was ist Hepatitis D? Was ist das Hepatitis-D-Virus?<\/strong><\/h3>\n<p><strong>Beantwortet von:<\/strong><br \/>Prof. Dr. Dr. h.c. Stephan Urban (Deutschland), Virologe, DZIF Professor f\u00fcr Translationale Virologie, Abteilung f\u00fcr Molekulare Virologie, Zentrum f\u00fcr Infektiologie des Universit\u00e4tsklinikums Heidelberg; Gr\u00fcnder der Stephan Urban Stiftung<\/p>\n<p>[\/et_pb_text][\/et_pb_column][et_pb_column type=&#8220;2_5&#8243; _builder_version=&#8220;4.25.0&#8243; _module_preset=&#8220;default&#8220; global_colors_info=&#8220;{}&#8220;][et_pb_video src=&#8220;https:\/\/www.youtube.com\/watch?v=FMdH_gYAw1A&#038;list=PLHGwBmo-1sjYWmh6w03h0DzcNCEVMb-pl&#038;index=3&#8243; _builder_version=&#8220;4.25.0&#8243; _module_preset=&#8220;default&#8220; global_colors_info=&#8220;{}&#8220;][\/et_pb_video][\/et_pb_column][\/et_pb_row][et_pb_row column_structure=&#8220;3_5,2_5&#8243; _builder_version=&#8220;4.25.0&#8243; _module_preset=&#8220;default&#8220; global_colors_info=&#8220;{}&#8220;][et_pb_column type=&#8220;3_5&#8243; _builder_version=&#8220;4.25.0&#8243; _module_preset=&#8220;default&#8220; global_colors_info=&#8220;{}&#8220;][et_pb_text _builder_version=&#8220;4.25.0&#8243; _module_preset=&#8220;default&#8220; global_colors_info=&#8220;{}&#8220;]<\/p>\n<h3><strong>Wie wird Hepatitis D diagnostiziert?<\/strong><\/h3>\n<p><strong>Beantwortet von:<\/strong> <br \/>Prof. Dr. Markus Cornberg (Deutschland), Hepatologe; Stellvertretender Klinikdirektor der Klinik f\u00fcr Gastroenterologie, Hepatologie, Infektiologie und Endokrinologie;Medizinische Hochschule Hannover (MHH) &amp; Partner in den EU-Verbundprojekten D-SOLVE und TherVacB; Wissenschaftler am DZIF<\/p>\n<p>&nbsp;<\/p>\n<p>&nbsp;<\/p>\n<p>[\/et_pb_text][\/et_pb_column][et_pb_column type=&#8220;2_5&#8243; _builder_version=&#8220;4.25.0&#8243; _module_preset=&#8220;default&#8220; global_colors_info=&#8220;{}&#8220;][et_pb_video src=&#8220;https:\/\/www.youtube.com\/watch?v=qn1UZjRMVm0&#038;list=PLHGwBmo-1sjYWmh6w03h0DzcNCEVMb-pl&#038;index=1&#8243; _builder_version=&#8220;4.25.0&#8243; _module_preset=&#8220;default&#8220; global_colors_info=&#8220;{}&#8220;][\/et_pb_video][\/et_pb_column][\/et_pb_row][et_pb_row column_structure=&#8220;3_5,2_5&#8243; _builder_version=&#8220;4.25.0&#8243; _module_preset=&#8220;default&#8220; global_colors_info=&#8220;{}&#8220;][et_pb_column type=&#8220;3_5&#8243; _builder_version=&#8220;4.25.0&#8243; _module_preset=&#8220;default&#8220; global_colors_info=&#8220;{}&#8220;][et_pb_text _builder_version=&#8220;4.25.0&#8243; _module_preset=&#8220;default&#8220; global_colors_info=&#8220;{}&#8220;]<\/p>\n<h3><strong>Was passiert, wenn eine HDV-Infektion nicht behandelt wird?<\/strong><\/h3>\n<p><strong>Beantwortet von:<\/strong> <br \/>Prof. Dr. Heiner Wedemeyer (Deutschland), Direktor der Klinik f\u00fcr Gastroenterologie, Hepatologie, Infektiologie und Endokrinologie, Medizinische Hochschule Hannover (MHH); Leiter des EU-Verbundprojektes D\u2011SOLVE; DZIF-Standortsprecher Hannover-Braunschweig<\/p>\n<p>&nbsp;<\/p>\n<p>[\/et_pb_text][\/et_pb_column][et_pb_column type=&#8220;2_5&#8243; _builder_version=&#8220;4.25.0&#8243; _module_preset=&#8220;default&#8220; global_colors_info=&#8220;{}&#8220;][et_pb_video src=&#8220;https:\/\/www.youtube.com\/watch?v=BLnRhVehOlE&#8220; _builder_version=&#8220;4.25.0&#8243; _module_preset=&#8220;default&#8220; global_colors_info=&#8220;{}&#8220;][\/et_pb_video][\/et_pb_column][\/et_pb_row][et_pb_row column_structure=&#8220;3_5,2_5&#8243; _builder_version=&#8220;4.25.0&#8243; _module_preset=&#8220;default&#8220; global_colors_info=&#8220;{}&#8220;][et_pb_column type=&#8220;3_5&#8243; _builder_version=&#8220;4.25.0&#8243; _module_preset=&#8220;default&#8220; global_colors_info=&#8220;{}&#8220;][et_pb_text _builder_version=&#8220;4.25.0&#8243; _module_preset=&#8220;default&#8220; global_colors_info=&#8220;{}&#8220;]<\/p>\n<h3><strong>Wie wird Hepatitis D in Deutschland und weltweit behandelt?<\/strong><\/h3>\n<p><strong>Beantwortet von:<\/strong> <br \/>Dr. Helenie Kefalakes &amp; Dr. Lisa Sandmann (Deutschland), Fach\u00e4rztinnen f\u00fcr Innere Medizin, Klinik f\u00fcr Gastroenterologie, Hepatologie, Infektiologie und Endokrinologie, Medizinische Hochschule Hannover (MHH); Partner im EU-Verbundprojekt D\u2011SOLVE; Assoziierte Klinische Forscherinnen am DZIF<\/p>\n<p>[\/et_pb_text][\/et_pb_column][et_pb_column type=&#8220;2_5&#8243; _builder_version=&#8220;4.25.0&#8243; _module_preset=&#8220;default&#8220; global_colors_info=&#8220;{}&#8220;][et_pb_video src=&#8220;https:\/\/www.youtube.com\/watch?v=d7dV2G6tMXA&#8220; _builder_version=&#8220;4.25.0&#8243; _module_preset=&#8220;default&#8220; global_colors_info=&#8220;{}&#8220;][\/et_pb_video][\/et_pb_column][\/et_pb_row][et_pb_row column_structure=&#8220;3_5,2_5&#8243; _builder_version=&#8220;4.25.0&#8243; _module_preset=&#8220;default&#8220; global_colors_info=&#8220;{}&#8220;][et_pb_column type=&#8220;3_5&#8243; _builder_version=&#8220;4.25.0&#8243; _module_preset=&#8220;default&#8220; global_colors_info=&#8220;{}&#8220;][et_pb_text _builder_version=&#8220;4.25.0&#8243; _module_preset=&#8220;default&#8220; global_colors_info=&#8220;{}&#8220;]<\/p>\n<h3><strong>Wie funktioniert die Leber?<\/strong><\/h3>\n<p><strong>Beantwortet von:<\/strong> <br \/>Prof. Dr. Percy Knolle (Deutschland), Direktor des Instituts f\u00fcr Molekulare Immunologie und Experimentelle Onkologie, Universit\u00e4tsklinikum Rechts der Isar und der Technischen Universit\u00e4t M\u00fcnchen (TUM-MRI); Partner im EU-Verbundprojekt TherVacB; Wissenschaftler am DZIF<\/p>\n<p>[\/et_pb_text][\/et_pb_column][et_pb_column type=&#8220;2_5&#8243; _builder_version=&#8220;4.25.0&#8243; _module_preset=&#8220;default&#8220; global_colors_info=&#8220;{}&#8220;][et_pb_video src=&#8220;https:\/\/youtu.be\/jB5lolw737k&#8220; _builder_version=&#8220;4.25.0&#8243; _module_preset=&#8220;default&#8220; global_colors_info=&#8220;{}&#8220;][\/et_pb_video][\/et_pb_column][\/et_pb_row][et_pb_row column_structure=&#8220;2_3,1_3&#8243; _builder_version=&#8220;4.25.0&#8243; _module_preset=&#8220;default&#8220; global_colors_info=&#8220;{}&#8220;][et_pb_column type=&#8220;2_3&#8243; _builder_version=&#8220;4.25.0&#8243; _module_preset=&#8220;default&#8220; global_colors_info=&#8220;{}&#8220;][et_pb_text _builder_version=&#8220;4.25.0&#8243; _module_preset=&#8220;default&#8220; global_colors_info=&#8220;{}&#8220;]<\/p>\n<h3>Seien Sie dabei!<\/h3>\n<p>Lassen Sie uns Klartext reden \u2013 helfen Sie mit, Aufmerksamkeit f\u00fcr die Virushepatitis zu schaffen. Teilen Sie die Inhalte und erheben Sie Ihre Stimme f\u00fcr Hepatitis B und D. Die Zeit zu handeln ist jetzt \u2013 Hepatitis kann nicht warten.<\/p>\n<p><span><\/span><\/p>\n<ul>\n<li><strong>Alle Videos ansehen:<\/strong> <span><a href=\"https:\/\/www.youtube.com\/@TherVacB\" target=\"_blank\" rel=\"noopener\" title=\"TherVacB Videos\">youtube.com\/@TherVacB<\/a><\/span><\/li>\n<li><strong>Mehr zur Kampagne und zu den Partnern:<\/strong>\n<ul>\n<li>TherVacB: <a href=\"https:\/\/www.thervacb.eu\/world-hepatitis-day-2024\" title=\"World Hepatitis Day 2024\">www.thervacb.eu\/world-hepatitis-day-2024<\/a><\/li>\n<li>D-SOLVE: <a href=\"https:\/\/www.d-solve-consortium.eu\/hepd-awareness-campaign\" target=\"_blank\" rel=\"noopener\" title=\"HEPD awareness campaign\">www.d-solve-consortium.eu\/hepd-awareness-campaign<\/a><\/li>\n<\/ul>\n<\/li>\n<li><strong>Am Welt-Hepatitis-Tag <\/strong>(28. Juli 2025):<strong> Stimme erheben!<\/strong><\/li>\n<li><strong>Folgen Sie uns:<\/strong>\n<ul>\n<li>TherVacB X <a href=\"https:\/\/x.com\/TherVacB_EU\" target=\"_blank\" rel=\"noopener\" title=\"@TherVacB_EU\">@TherVacB_EU<\/a> |BlueSky <a href=\"https:\/\/bsky.app\/profile\/thervacb-eu.bsky.social\" target=\"_blank\" rel=\"noopener\" title=\"thervacb-eu.bsky.social\">thervacb-eu.bsky.social<\/a><\/li>\n<li>D-SOLVE: <a href=\"https:\/\/bsky.app\/profile\/d-solve-consortium.bsky.social\" target=\"_blank\" rel=\"noopener\" title=\"D-SOLVE Consortium \">D-SOLVE Consortium (@d-solve-consortium.bsky.social)<\/a><\/li>\n<\/ul>\n<\/li>\n<\/ul>\n<p>[\/et_pb_text][\/et_pb_column][et_pb_column type=&#8220;1_3&#8243; _builder_version=&#8220;4.25.0&#8243; _module_preset=&#8220;default&#8220; global_colors_info=&#8220;{}&#8220;][et_pb_image src=&#8220;https:\/\/www.thervacb.eu\/wp-content\/uploads\/world-hepatitis-day-28-july.png&#8220; alt=&#8220;World Hepatitis Day&#8220; title_text=&#8220;World Hepatitis Day&#8220; align=&#8220;right&#8220; _builder_version=&#8220;4.25.0&#8243; _module_preset=&#8220;default&#8220; global_colors_info=&#8220;{}&#8220;][\/et_pb_image][\/et_pb_column][\/et_pb_row][\/et_pb_section]<\/p>\n","protected":false},"excerpt":{"rendered":"<p>Gut informiert, besser gesch\u00fctzt mit unserer Kampagne \u201eAufkl\u00e4rung \u00fcber HDV und HBV\u201c &#8211; alles, was Sie \u00fcber Hepatitis D und B wissen sollten<\/p>\n","protected":false},"author":5,"featured_media":13303,"comment_status":"closed","ping_status":"closed","sticky":false,"template":"","format":"standard","meta":{"_et_pb_use_builder":"on","_et_pb_old_content":"","_et_gb_content_width":"","_monsterinsights_skip_tracking":false,"_monsterinsights_sitenote_active":false,"_monsterinsights_sitenote_note":"","_monsterinsights_sitenote_category":0,"footnotes":"","_links_to":"","_links_to_target":""},"categories":[64],"tags":[],"class_list":["post-13274","post","type-post","status-publish","format-standard","has-post-thumbnail","hentry","category-news-de"],"aioseo_notices":[],"_links":{"self":[{"href":"https:\/\/www.thervacb.eu\/de\/wp-json\/wp\/v2\/posts\/13274","targetHints":{"allow":["GET"]}}],"collection":[{"href":"https:\/\/www.thervacb.eu\/de\/wp-json\/wp\/v2\/posts"}],"about":[{"href":"https:\/\/www.thervacb.eu\/de\/wp-json\/wp\/v2\/types\/post"}],"author":[{"embeddable":true,"href":"https:\/\/www.thervacb.eu\/de\/wp-json\/wp\/v2\/users\/5"}],"replies":[{"embeddable":true,"href":"https:\/\/www.thervacb.eu\/de\/wp-json\/wp\/v2\/comments?post=13274"}],"version-history":[{"count":7,"href":"https:\/\/www.thervacb.eu\/de\/wp-json\/wp\/v2\/posts\/13274\/revisions"}],"predecessor-version":[{"id":13310,"href":"https:\/\/www.thervacb.eu\/de\/wp-json\/wp\/v2\/posts\/13274\/revisions\/13310"}],"wp:featuredmedia":[{"embeddable":true,"href":"https:\/\/www.thervacb.eu\/de\/wp-json\/wp\/v2\/media\/13303"}],"wp:attachment":[{"href":"https:\/\/www.thervacb.eu\/de\/wp-json\/wp\/v2\/media?parent=13274"}],"wp:term":[{"taxonomy":"category","embeddable":true,"href":"https:\/\/www.thervacb.eu\/de\/wp-json\/wp\/v2\/categories?post=13274"},{"taxonomy":"post_tag","embeddable":true,"href":"https:\/\/www.thervacb.eu\/de\/wp-json\/wp\/v2\/tags?post=13274"}],"curies":[{"name":"wp","href":"https:\/\/api.w.org\/{rel}","templated":true}]}}